{"id":5214,"date":"2025-12-03T13:25:48","date_gmt":"2025-12-03T12:25:48","guid":{"rendered":"https:\/\/www.ell-group.com\/?p=5214"},"modified":"2025-12-03T13:43:39","modified_gmt":"2025-12-03T12:43:39","slug":"a-special-moment-for-hungarian-rail-transport","status":"publish","type":"post","link":"https:\/\/www.ell-group.com\/en\/news-en\/a-special-moment-for-hungarian-rail-transport\/","title":{"rendered":"A Special Moment for Hungarian Rail Transport!"},"content":{"rendered":"<p>Our customer M\u00c1V has put its 50th modern electric locomotive into operation \u2013 a milestone that we at ELL are proud to contribute to with our high-quality, high-performance locomotives. \u26a1\ufe0f<\/p>\n<p>Christian Kern (CEO) and Thomas Riedler (CSO) were on site in Budapest last week, where they personally congratulated N\u00e1ndor Csepreghy, Deputy Minister of Construction and Transport, Hegyi Zsolt, CEO of M\u00c1V and L\u00e1szl\u00f3 Korm\u00e1nyos, Head of Passenger Transport at the M\u00c1V Group.<\/p>\n<p>The growing modern fleet strengthens M\u00c1V\u2019s efficiency, capacity, and operational reliability.<\/p>\n<p>We value the trusted partnership and look forward to the next steps together. \ud83c\udf1f<\/p>\n<p><a href=\"https:\/\/www.ell-group.com\/wp-content\/uploads\/2025\/12\/DSC8174.jpeg\"><img loading=\"lazy\" decoding=\"async\" class=\"aligncenter size-full wp-image-5210\" src=\"https:\/\/www.ell-group.com\/wp-content\/uploads\/2025\/12\/DSC8174.jpeg\" alt=\"\" width=\"1200\" height=\"799\" srcset=\"https:\/\/www.ell-group.com\/wp-content\/uploads\/2025\/12\/DSC8174.jpeg 1200w, https:\/\/www.ell-group.com\/wp-content\/uploads\/2025\/12\/DSC8174-300x200.jpeg 300w, https:\/\/www.ell-group.com\/wp-content\/uploads\/2025\/12\/DSC8174-1024x682.jpeg 1024w, https:\/\/www.ell-group.com\/wp-content\/uploads\/2025\/12\/DSC8174-768x511.jpeg 768w, https:\/\/www.ell-group.com\/wp-content\/uploads\/2025\/12\/DSC8174-705x469.jpeg 705w, https:\/\/www.ell-group.com\/wp-content\/uploads\/2025\/12\/DSC8174-946x630.jpeg 946w\" sizes=\"auto, (max-width: 1200px) 100vw, 1200px\" \/><\/a><\/p>\n<p><a href=\"https:\/\/www.ell-group.com\/wp-content\/uploads\/2025\/12\/DSC7995.jpeg\"><img loading=\"lazy\" decoding=\"async\" class=\"aligncenter size-full wp-image-5211\" src=\"https:\/\/www.ell-group.com\/wp-content\/uploads\/2025\/12\/DSC7995.jpeg\" alt=\"\" width=\"1200\" height=\"799\" srcset=\"https:\/\/www.ell-group.com\/wp-content\/uploads\/2025\/12\/DSC7995.jpeg 1200w, https:\/\/www.ell-group.com\/wp-content\/uploads\/2025\/12\/DSC7995-300x200.jpeg 300w, https:\/\/www.ell-group.com\/wp-content\/uploads\/2025\/12\/DSC7995-1024x682.jpeg 1024w, https:\/\/www.ell-group.com\/wp-content\/uploads\/2025\/12\/DSC7995-768x511.jpeg 768w, https:\/\/www.ell-group.com\/wp-content\/uploads\/2025\/12\/DSC7995-705x469.jpeg 705w, https:\/\/www.ell-group.com\/wp-content\/uploads\/2025\/12\/DSC7995-946x630.jpeg 946w\" sizes=\"auto, (max-width: 1200px) 100vw, 1200px\" \/><\/a><\/p>\n<p><a href=\"https:\/\/www.ell-group.com\/wp-content\/uploads\/2025\/12\/DSC7951.jpeg\"><img loading=\"lazy\" decoding=\"async\" class=\"aligncenter size-full wp-image-5212\" src=\"https:\/\/www.ell-group.com\/wp-content\/uploads\/2025\/12\/DSC7951.jpeg\" alt=\"\" width=\"1200\" height=\"799\" srcset=\"https:\/\/www.ell-group.com\/wp-content\/uploads\/2025\/12\/DSC7951.jpeg 1200w, https:\/\/www.ell-group.com\/wp-content\/uploads\/2025\/12\/DSC7951-300x200.jpeg 300w, https:\/\/www.ell-group.com\/wp-content\/uploads\/2025\/12\/DSC7951-1024x682.jpeg 1024w, https:\/\/www.ell-group.com\/wp-content\/uploads\/2025\/12\/DSC7951-768x511.jpeg 768w, https:\/\/www.ell-group.com\/wp-content\/uploads\/2025\/12\/DSC7951-705x469.jpeg 705w, https:\/\/www.ell-group.com\/wp-content\/uploads\/2025\/12\/DSC7951-946x630.jpeg 946w\" sizes=\"auto, (max-width: 1200px) 100vw, 1200px\" \/><\/a><\/p>\n","protected":false},"excerpt":{"rendered":"<p>Our customer M\u00c1V has put its 50th modern electric locomotive into operation \u2013 a milestone that we at ELL are proud to contribute to with our high-quality, high-performance locomotives. \u26a1\ufe0f Christian Kern (CEO) and Thomas Riedler (CSO) were on site in Budapest last week, where they personally congratulated N\u00e1ndor Csepreghy, Deputy Minister of Construction and [&hellip;]<\/p>\n","protected":false},"author":8,"featured_media":5213,"comment_status":"closed","ping_status":"closed","sticky":false,"template":"","format":"standard","meta":{"_acf_changed":false,"inline_featured_image":false,"footnotes":""},"categories":[21],"tags":[],"class_list":["post-5214","post","type-post","status-publish","format-standard","has-post-thumbnail","hentry","category-news-en"],"acf":[],"yoast_head":"<!-- This site is optimized with the Yoast SEO plugin v27.4 - https:\/\/yoast.com\/product\/yoast-seo-wordpress\/ -->\n<title>A Special Moment for Hungarian Rail Transport! - ELL Austria<\/title>\n<meta name=\"description\" content=\"Our customer M\u00c1V has put its 50th modern electric locomotive into operation!\" \/>\n<meta name=\"robots\" content=\"index, follow, max-snippet:-1, max-image-preview:large, max-video-preview:-1\" \/>\n<link rel=\"canonical\" href=\"https:\/\/www.ell-group.com\/en\/news-en\/a-special-moment-for-hungarian-rail-transport\/\" \/>\n<meta property=\"og:locale\" content=\"en_US\" \/>\n<meta property=\"og:type\" content=\"article\" \/>\n<meta property=\"og:title\" content=\"A Special Moment for Hungarian Rail Transport! - ELL Austria\" \/>\n<meta property=\"og:description\" content=\"Our customer M\u00c1V has put its 50th modern electric locomotive into operation!\" \/>\n<meta property=\"og:url\" content=\"https:\/\/www.ell-group.com\/en\/news-en\/a-special-moment-for-hungarian-rail-transport\/\" \/>\n<meta property=\"og:site_name\" content=\"ELL Austria\" \/>\n<meta property=\"article:published_time\" content=\"2025-12-03T12:25:48+00:00\" \/>\n<meta property=\"article:modified_time\" content=\"2025-12-03T12:43:39+00:00\" \/>\n<meta property=\"og:image\" content=\"https:\/\/www.ell-group.com\/wp-content\/uploads\/2025\/12\/DSC8139.jpeg\" \/>\n\t<meta property=\"og:image:width\" content=\"1200\" \/>\n\t<meta property=\"og:image:height\" content=\"630\" \/>\n\t<meta property=\"og:image:type\" content=\"image\/jpeg\" \/>\n<meta name=\"author\" content=\"Michael Eisenriegler\" \/>\n<meta name=\"twitter:card\" content=\"summary_large_image\" \/>\n<meta name=\"twitter:label1\" content=\"Written by\" \/>\n\t<meta name=\"twitter:data1\" content=\"Michael Eisenriegler\" \/>\n\t<meta name=\"twitter:label2\" content=\"Est. reading time\" \/>\n\t<meta name=\"twitter:data2\" content=\"2 minutes\" \/>\n<script type=\"application\/ld+json\" class=\"yoast-schema-graph\">{\n\t    \"@context\": \"https:\\\/\\\/schema.org\",\n\t    \"@graph\": [\n\t        {\n\t            \"@type\": \"Article\",\n\t            \"@id\": \"https:\\\/\\\/www.ell-group.com\\\/en\\\/news-en\\\/a-special-moment-for-hungarian-rail-transport\\\/#article\",\n\t            \"isPartOf\": {\n\t                \"@id\": \"https:\\\/\\\/www.ell-group.com\\\/en\\\/news-en\\\/a-special-moment-for-hungarian-rail-transport\\\/\"\n\t            },\n\t            \"author\": {\n\t                \"name\": \"Michael Eisenriegler\",\n\t                \"@id\": \"https:\\\/\\\/www.ell-group.com\\\/en\\\/#\\\/schema\\\/person\\\/aa2729d27e290ece60a125a72eda555d\"\n\t            },\n\t            \"headline\": \"A Special Moment for Hungarian Rail Transport!\",\n\t            \"datePublished\": \"2025-12-03T12:25:48+00:00\",\n\t            \"dateModified\": \"2025-12-03T12:43:39+00:00\",\n\t            \"mainEntityOfPage\": {\n\t                \"@id\": \"https:\\\/\\\/www.ell-group.com\\\/en\\\/news-en\\\/a-special-moment-for-hungarian-rail-transport\\\/\"\n\t            },\n\t            \"wordCount\": 109,\n\t            \"publisher\": {\n\t                \"@id\": \"https:\\\/\\\/www.ell-group.com\\\/en\\\/#organization\"\n\t            },\n\t            \"image\": {\n\t                \"@id\": \"https:\\\/\\\/www.ell-group.com\\\/en\\\/news-en\\\/a-special-moment-for-hungarian-rail-transport\\\/#primaryimage\"\n\t            },\n\t            \"thumbnailUrl\": \"https:\\\/\\\/www.ell-group.com\\\/wp-content\\\/uploads\\\/2025\\\/12\\\/DSC8139.jpeg\",\n\t            \"articleSection\": [\n\t                \"News\"\n\t            ],\n\t            \"inLanguage\": \"en-US\"\n\t        },\n\t        {\n\t            \"@type\": \"WebPage\",\n\t            \"@id\": \"https:\\\/\\\/www.ell-group.com\\\/en\\\/news-en\\\/a-special-moment-for-hungarian-rail-transport\\\/\",\n\t            \"url\": \"https:\\\/\\\/www.ell-group.com\\\/en\\\/news-en\\\/a-special-moment-for-hungarian-rail-transport\\\/\",\n\t            \"name\": \"A Special Moment for Hungarian Rail Transport! - ELL Austria\",\n\t            \"isPartOf\": {\n\t                \"@id\": \"https:\\\/\\\/www.ell-group.com\\\/en\\\/#website\"\n\t            },\n\t            \"primaryImageOfPage\": {\n\t                \"@id\": \"https:\\\/\\\/www.ell-group.com\\\/en\\\/news-en\\\/a-special-moment-for-hungarian-rail-transport\\\/#primaryimage\"\n\t            },\n\t            \"image\": {\n\t                \"@id\": \"https:\\\/\\\/www.ell-group.com\\\/en\\\/news-en\\\/a-special-moment-for-hungarian-rail-transport\\\/#primaryimage\"\n\t            },\n\t            \"thumbnailUrl\": \"https:\\\/\\\/www.ell-group.com\\\/wp-content\\\/uploads\\\/2025\\\/12\\\/DSC8139.jpeg\",\n\t            \"datePublished\": \"2025-12-03T12:25:48+00:00\",\n\t            \"dateModified\": \"2025-12-03T12:43:39+00:00\",\n\t            \"description\": \"Our customer M\u00c1V has put its 50th modern electric locomotive into operation!\",\n\t            \"breadcrumb\": {\n\t                \"@id\": \"https:\\\/\\\/www.ell-group.com\\\/en\\\/news-en\\\/a-special-moment-for-hungarian-rail-transport\\\/#breadcrumb\"\n\t            },\n\t            \"inLanguage\": \"en-US\",\n\t            \"potentialAction\": [\n\t                {\n\t                    \"@type\": \"ReadAction\",\n\t                    \"target\": [\n\t                        \"https:\\\/\\\/www.ell-group.com\\\/en\\\/news-en\\\/a-special-moment-for-hungarian-rail-transport\\\/\"\n\t                    ]\n\t                }\n\t            ]\n\t        },\n\t        {\n\t            \"@type\": \"ImageObject\",\n\t            \"inLanguage\": \"en-US\",\n\t            \"@id\": \"https:\\\/\\\/www.ell-group.com\\\/en\\\/news-en\\\/a-special-moment-for-hungarian-rail-transport\\\/#primaryimage\",\n\t            \"url\": \"https:\\\/\\\/www.ell-group.com\\\/wp-content\\\/uploads\\\/2025\\\/12\\\/DSC8139.jpeg\",\n\t            \"contentUrl\": \"https:\\\/\\\/www.ell-group.com\\\/wp-content\\\/uploads\\\/2025\\\/12\\\/DSC8139.jpeg\",\n\t            \"width\": 1200,\n\t            \"height\": 630\n\t        },\n\t        {\n\t            \"@type\": \"BreadcrumbList\",\n\t            \"@id\": \"https:\\\/\\\/www.ell-group.com\\\/en\\\/news-en\\\/a-special-moment-for-hungarian-rail-transport\\\/#breadcrumb\",\n\t            \"itemListElement\": [\n\t                {\n\t                    \"@type\": \"ListItem\",\n\t                    \"position\": 1,\n\t                    \"name\": \"Startseite\",\n\t                    \"item\": \"https:\\\/\\\/www.ell-group.com\\\/en\\\/home\\\/\"\n\t                },\n\t                {\n\t                    \"@type\": \"ListItem\",\n\t                    \"position\": 2,\n\t                    \"name\": \"A Special Moment for Hungarian Rail Transport!\"\n\t                }\n\t            ]\n\t        },\n\t        {\n\t            \"@type\": \"WebSite\",\n\t            \"@id\": \"https:\\\/\\\/www.ell-group.com\\\/en\\\/#website\",\n\t            \"url\": \"https:\\\/\\\/www.ell-group.com\\\/en\\\/\",\n\t            \"name\": \"Ell Group\",\n\t            \"description\": \"European Locomotive Leasing\",\n\t            \"publisher\": {\n\t                \"@id\": \"https:\\\/\\\/www.ell-group.com\\\/en\\\/#organization\"\n\t            },\n\t            \"potentialAction\": [\n\t                {\n\t                    \"@type\": \"SearchAction\",\n\t                    \"target\": {\n\t                        \"@type\": \"EntryPoint\",\n\t                        \"urlTemplate\": \"https:\\\/\\\/www.ell-group.com\\\/en\\\/?s={search_term_string}\"\n\t                    },\n\t                    \"query-input\": {\n\t                        \"@type\": \"PropertyValueSpecification\",\n\t                        \"valueRequired\": true,\n\t                        \"valueName\": \"search_term_string\"\n\t                    }\n\t                }\n\t            ],\n\t            \"inLanguage\": \"en-US\"\n\t        },\n\t        {\n\t            \"@type\": \"Organization\",\n\t            \"@id\": \"https:\\\/\\\/www.ell-group.com\\\/en\\\/#organization\",\n\t            \"name\": \"Ell Austria GmbH\",\n\t            \"url\": \"https:\\\/\\\/www.ell-group.com\\\/en\\\/\",\n\t            \"logo\": {\n\t                \"@type\": \"ImageObject\",\n\t                \"inLanguage\": \"en-US\",\n\t                \"@id\": \"https:\\\/\\\/www.ell-group.com\\\/en\\\/#\\\/schema\\\/logo\\\/image\\\/\",\n\t                \"url\": \"https:\\\/\\\/www.ell-group.com\\\/wp-content\\\/uploads\\\/2024\\\/04\\\/ell-logo-quadrat.jpeg\",\n\t                \"contentUrl\": \"https:\\\/\\\/www.ell-group.com\\\/wp-content\\\/uploads\\\/2024\\\/04\\\/ell-logo-quadrat.jpeg\",\n\t                \"width\": 337,\n\t                \"height\": 337,\n\t                \"caption\": \"Ell Austria GmbH\"\n\t            },\n\t            \"image\": {\n\t                \"@id\": \"https:\\\/\\\/www.ell-group.com\\\/en\\\/#\\\/schema\\\/logo\\\/image\\\/\"\n\t            },\n\t            \"sameAs\": [\n\t                \"https:\\\/\\\/www.linkedin.com\\\/company\\\/ell-european-locomotive-leasing\\\/\"\n\t            ]\n\t        },\n\t        {\n\t            \"@type\": \"Person\",\n\t            \"@id\": \"https:\\\/\\\/www.ell-group.com\\\/en\\\/#\\\/schema\\\/person\\\/aa2729d27e290ece60a125a72eda555d\",\n\t            \"name\": \"Michael Eisenriegler\",\n\t            \"image\": {\n\t                \"@type\": \"ImageObject\",\n\t                \"inLanguage\": \"en-US\",\n\t                \"@id\": \"https:\\\/\\\/secure.gravatar.com\\\/avatar\\\/45b13f7d2406d88a20d2b372ea0653f95a7f407c120d8081a8bfeb51c17bcf1e?s=96&d=mm&r=g\",\n\t                \"url\": \"https:\\\/\\\/secure.gravatar.com\\\/avatar\\\/45b13f7d2406d88a20d2b372ea0653f95a7f407c120d8081a8bfeb51c17bcf1e?s=96&d=mm&r=g\",\n\t                \"contentUrl\": \"https:\\\/\\\/secure.gravatar.com\\\/avatar\\\/45b13f7d2406d88a20d2b372ea0653f95a7f407c120d8081a8bfeb51c17bcf1e?s=96&d=mm&r=g\",\n\t                \"caption\": \"Michael Eisenriegler\"\n\t            }\n\t        }\n\t    ]\n\t}<\/script>\n<!-- \/ Yoast SEO plugin. -->","yoast_head_json":{"title":"A Special Moment for Hungarian Rail Transport! - ELL Austria","description":"Our customer M\u00c1V has put its 50th modern electric locomotive into operation!","robots":{"index":"index","follow":"follow","max-snippet":"max-snippet:-1","max-image-preview":"max-image-preview:large","max-video-preview":"max-video-preview:-1"},"canonical":"https:\/\/www.ell-group.com\/en\/news-en\/a-special-moment-for-hungarian-rail-transport\/","og_locale":"en_US","og_type":"article","og_title":"A Special Moment for Hungarian Rail Transport! - ELL Austria","og_description":"Our customer M\u00c1V has put its 50th modern electric locomotive into operation!","og_url":"https:\/\/www.ell-group.com\/en\/news-en\/a-special-moment-for-hungarian-rail-transport\/","og_site_name":"ELL Austria","article_published_time":"2025-12-03T12:25:48+00:00","article_modified_time":"2025-12-03T12:43:39+00:00","og_image":[{"width":1200,"height":630,"url":"https:\/\/www.ell-group.com\/wp-content\/uploads\/2025\/12\/DSC8139.jpeg","type":"image\/jpeg"}],"author":"Michael Eisenriegler","twitter_card":"summary_large_image","twitter_misc":{"Written by":"Michael Eisenriegler","Est. reading time":"2 minutes"},"schema":{"@context":"https:\/\/schema.org","@graph":[{"@type":"Article","@id":"https:\/\/www.ell-group.com\/en\/news-en\/a-special-moment-for-hungarian-rail-transport\/#article","isPartOf":{"@id":"https:\/\/www.ell-group.com\/en\/news-en\/a-special-moment-for-hungarian-rail-transport\/"},"author":{"name":"Michael Eisenriegler","@id":"https:\/\/www.ell-group.com\/en\/#\/schema\/person\/aa2729d27e290ece60a125a72eda555d"},"headline":"A Special Moment for Hungarian Rail Transport!","datePublished":"2025-12-03T12:25:48+00:00","dateModified":"2025-12-03T12:43:39+00:00","mainEntityOfPage":{"@id":"https:\/\/www.ell-group.com\/en\/news-en\/a-special-moment-for-hungarian-rail-transport\/"},"wordCount":109,"publisher":{"@id":"https:\/\/www.ell-group.com\/en\/#organization"},"image":{"@id":"https:\/\/www.ell-group.com\/en\/news-en\/a-special-moment-for-hungarian-rail-transport\/#primaryimage"},"thumbnailUrl":"https:\/\/www.ell-group.com\/wp-content\/uploads\/2025\/12\/DSC8139.jpeg","articleSection":["News"],"inLanguage":"en-US"},{"@type":"WebPage","@id":"https:\/\/www.ell-group.com\/en\/news-en\/a-special-moment-for-hungarian-rail-transport\/","url":"https:\/\/www.ell-group.com\/en\/news-en\/a-special-moment-for-hungarian-rail-transport\/","name":"A Special Moment for Hungarian Rail Transport! - ELL Austria","isPartOf":{"@id":"https:\/\/www.ell-group.com\/en\/#website"},"primaryImageOfPage":{"@id":"https:\/\/www.ell-group.com\/en\/news-en\/a-special-moment-for-hungarian-rail-transport\/#primaryimage"},"image":{"@id":"https:\/\/www.ell-group.com\/en\/news-en\/a-special-moment-for-hungarian-rail-transport\/#primaryimage"},"thumbnailUrl":"https:\/\/www.ell-group.com\/wp-content\/uploads\/2025\/12\/DSC8139.jpeg","datePublished":"2025-12-03T12:25:48+00:00","dateModified":"2025-12-03T12:43:39+00:00","description":"Our customer M\u00c1V has put its 50th modern electric locomotive into operation!","breadcrumb":{"@id":"https:\/\/www.ell-group.com\/en\/news-en\/a-special-moment-for-hungarian-rail-transport\/#breadcrumb"},"inLanguage":"en-US","potentialAction":[{"@type":"ReadAction","target":["https:\/\/www.ell-group.com\/en\/news-en\/a-special-moment-for-hungarian-rail-transport\/"]}]},{"@type":"ImageObject","inLanguage":"en-US","@id":"https:\/\/www.ell-group.com\/en\/news-en\/a-special-moment-for-hungarian-rail-transport\/#primaryimage","url":"https:\/\/www.ell-group.com\/wp-content\/uploads\/2025\/12\/DSC8139.jpeg","contentUrl":"https:\/\/www.ell-group.com\/wp-content\/uploads\/2025\/12\/DSC8139.jpeg","width":1200,"height":630},{"@type":"BreadcrumbList","@id":"https:\/\/www.ell-group.com\/en\/news-en\/a-special-moment-for-hungarian-rail-transport\/#breadcrumb","itemListElement":[{"@type":"ListItem","position":1,"name":"Startseite","item":"https:\/\/www.ell-group.com\/en\/home\/"},{"@type":"ListItem","position":2,"name":"A Special Moment for Hungarian Rail Transport!"}]},{"@type":"WebSite","@id":"https:\/\/www.ell-group.com\/en\/#website","url":"https:\/\/www.ell-group.com\/en\/","name":"Ell Group","description":"European Locomotive Leasing","publisher":{"@id":"https:\/\/www.ell-group.com\/en\/#organization"},"potentialAction":[{"@type":"SearchAction","target":{"@type":"EntryPoint","urlTemplate":"https:\/\/www.ell-group.com\/en\/?s={search_term_string}"},"query-input":{"@type":"PropertyValueSpecification","valueRequired":true,"valueName":"search_term_string"}}],"inLanguage":"en-US"},{"@type":"Organization","@id":"https:\/\/www.ell-group.com\/en\/#organization","name":"Ell Austria GmbH","url":"https:\/\/www.ell-group.com\/en\/","logo":{"@type":"ImageObject","inLanguage":"en-US","@id":"https:\/\/www.ell-group.com\/en\/#\/schema\/logo\/image\/","url":"https:\/\/www.ell-group.com\/wp-content\/uploads\/2024\/04\/ell-logo-quadrat.jpeg","contentUrl":"https:\/\/www.ell-group.com\/wp-content\/uploads\/2024\/04\/ell-logo-quadrat.jpeg","width":337,"height":337,"caption":"Ell Austria GmbH"},"image":{"@id":"https:\/\/www.ell-group.com\/en\/#\/schema\/logo\/image\/"},"sameAs":["https:\/\/www.linkedin.com\/company\/ell-european-locomotive-leasing\/"]},{"@type":"Person","@id":"https:\/\/www.ell-group.com\/en\/#\/schema\/person\/aa2729d27e290ece60a125a72eda555d","name":"Michael Eisenriegler","image":{"@type":"ImageObject","inLanguage":"en-US","@id":"https:\/\/secure.gravatar.com\/avatar\/45b13f7d2406d88a20d2b372ea0653f95a7f407c120d8081a8bfeb51c17bcf1e?s=96&d=mm&r=g","url":"https:\/\/secure.gravatar.com\/avatar\/45b13f7d2406d88a20d2b372ea0653f95a7f407c120d8081a8bfeb51c17bcf1e?s=96&d=mm&r=g","contentUrl":"https:\/\/secure.gravatar.com\/avatar\/45b13f7d2406d88a20d2b372ea0653f95a7f407c120d8081a8bfeb51c17bcf1e?s=96&d=mm&r=g","caption":"Michael Eisenriegler"}}]}},"_links":{"self":[{"href":"https:\/\/www.ell-group.com\/en\/wp-json\/wp\/v2\/posts\/5214","targetHints":{"allow":["GET"]}}],"collection":[{"href":"https:\/\/www.ell-group.com\/en\/wp-json\/wp\/v2\/posts"}],"about":[{"href":"https:\/\/www.ell-group.com\/en\/wp-json\/wp\/v2\/types\/post"}],"author":[{"embeddable":true,"href":"https:\/\/www.ell-group.com\/en\/wp-json\/wp\/v2\/users\/8"}],"replies":[{"embeddable":true,"href":"https:\/\/www.ell-group.com\/en\/wp-json\/wp\/v2\/comments?post=5214"}],"version-history":[{"count":3,"href":"https:\/\/www.ell-group.com\/en\/wp-json\/wp\/v2\/posts\/5214\/revisions"}],"predecessor-version":[{"id":5219,"href":"https:\/\/www.ell-group.com\/en\/wp-json\/wp\/v2\/posts\/5214\/revisions\/5219"}],"wp:featuredmedia":[{"embeddable":true,"href":"https:\/\/www.ell-group.com\/en\/wp-json\/wp\/v2\/media\/5213"}],"wp:attachment":[{"href":"https:\/\/www.ell-group.com\/en\/wp-json\/wp\/v2\/media?parent=5214"}],"wp:term":[{"taxonomy":"category","embeddable":true,"href":"https:\/\/www.ell-group.com\/en\/wp-json\/wp\/v2\/categories?post=5214"},{"taxonomy":"post_tag","embeddable":true,"href":"https:\/\/www.ell-group.com\/en\/wp-json\/wp\/v2\/tags?post=5214"}],"curies":[{"name":"wp","href":"https:\/\/api.w.org\/{rel}","templated":true}]}}